{"id":360,"date":"2026-09-03T13:12:25","date_gmt":"2026-09-03T11:12:25","guid":{"rendered":"https:\/\/rumbante.com\/?p=360"},"modified":"2026-09-03T14:49:01","modified_gmt":"2026-09-03T12:49:01","slug":"rutas-norte-espana-camper-autocaravana-caravana","status":"publish","type":"post","link":"https:\/\/rumbante.com\/en\/rutas-norte-espana-camper-autocaravana-caravana\/","title":{"rendered":"10 rutas por el norte de Espa\u00f1a en camper, autocaravana o caravana"},"content":{"rendered":"<p class=\"wp-block-paragraph\">El norte de Espa\u00f1a es uno de los mejores destinos para viajar en camper, autocaravana o caravana. Esta gu\u00eda re\u00fane <strong>10 rutas completas por Euskadi, Cantabria, Asturias, Galicia y Navarra<\/strong>, con lugares que visitar, opciones de pernocta, campings, puntos de agua y mapas.<\/p>\n\n\n\n<div class=\"rumbante-resumen-wrap\"><div class=\"rumbante-resumen\">\n  <div><strong>&#x1f690; Para los tres formatos<\/strong><br>Camper, autocaravana y caravana.<\/div>\n  <div><strong>&#x1f4b6; Gratis y de pago<\/strong><br>\u00c1reas, parkings y campings.<\/div>\n  <div><strong>&#x1f4a7; Servicios<\/strong><br>Agua, grises y negras.<\/div>\n  <div><strong>&#x1f5fa; Mapas<\/strong><br>Un mapa integrado por ruta.<\/div>\n<\/div><\/div>\n\n\n<h2 class=\"wp-block-heading\">Antes de empezar: pernoctar no es lo mismo que acampar<\/h2>\n<p class=\"wp-block-paragraph\">Respeta siempre se\u00f1alizaci\u00f3n, ordenanzas y normas de espacios protegidos. No despliegues elementos exteriores donde no est\u00e9 permitido y vac\u00eda aguas \u00fanicamente en puntos habilitados.<\/p>\n\n<h2 class=\"wp-block-heading\">\u00cdndice de rutas<\/h2>\n\n<ul class=\"wp-block-list\">\n<li>1. Costa de Gipuzkoa<\/li><li>2. Urdaibai y costa vizca\u00edna<\/li><li>3. Santander, Somo y Costa Quebrada<\/li><li>4. Li\u00e9bana y Picos de Europa<\/li><li>5. Asturias oriental<\/li><li>6. Asturias occidental<\/li><li>7. A Mari\u00f1a Lucense<\/li><li>8. Ferrolterra<\/li><li>9. Costa da Morte<\/li><li>10. Pirineo navarro<\/li>\n<\/ul>\n\n<section class=\"rumbante-ruta-wrap\"><div class=\"rumbante-ruta\">\n  <div class=\"ruta-cabecera\">\n    <div class=\"ruta-numero\">1<\/div>\n    <div>\n      <h2>Costa de Gipuzkoa: Donostia, Zarautz, Getaria y Zumaia<\/h2>\n      <p>Ruta pensada para camper, autocaravana o caravana, con las adaptaciones indicadas.<\/p>\n    <\/div>\n  <\/div>\n\n  <div class=\"ruta-datos\">\n    <div class=\"ruta-dato\"><strong>&#x1f6e3; Distancia<\/strong><br>60\u201390 km<\/div>\n    <div class=\"ruta-dato\"><strong>&#x1f5d3; Duraci\u00f3n<\/strong><br>2\u20133 d\u00edas<\/div>\n    <div class=\"ruta-dato\"><strong>&#x1f9ed; Tipo<\/strong><br>Costa + gastronom\u00eda<\/div>\n    <div class=\"ruta-dato\"><strong>&#x26f0; Dificultad<\/strong><br>F\u00e1cil<\/div>\n  <\/div>\n\n  <div class=\"ruta-imagen\">\n    <img decoding=\"async\" src=\"https:\/\/rumbante.com\/wp-content\/uploads\/2026\/09\/01-costa-gipuzkoa.png\" alt=\"Costa de Gipuzkoa recorrida en autocaravana\" loading=\"lazy\">\n  <\/div>\n\n  <div class=\"ruta-grid\">\n    <div class=\"ruta-caja\">\n      <h3>&#x1f4cd; Qu\u00e9 ver<\/h3>\n      <ul><li>Bah\u00eda de La Concha y Peine del Viento<\/li><li>Parte Vieja de Donostia<\/li><li>Zarautz<\/li><li>Puerto y casco hist\u00f3rico de Getaria<\/li><li>Flysch y geoparque de Zumaia<\/li><\/ul>\n    <\/div>\n    <div class=\"ruta-caja\">\n      <h3>&#x1f6cf; D\u00f3nde pernoctar<\/h3>\n      <p><strong>Illunbe \u2013 Donostia<\/strong><\/p>\n      <ul><li>\u00c1rea gratuita para autocaravanas<\/li><li>Estancia m\u00e1xima: 72 h<\/li><li>GPS: 43.296766, -1.969422<\/li><li>Ayuntamiento: +34 943 481 000<\/li><li>Caravana: confirmar admisi\u00f3n; si no, camping<\/li><\/ul>\n      <p><a href=\"https:\/\/www.donostia.eus\/es\/web\/guest\/servicios\/aparcamientos-autocaravanas\" target=\"_blank\" rel=\"noopener\">Consultar informaci\u00f3n oficial<\/a><\/p>\n    <\/div>\n  <\/div>\n\n  <div class=\"ruta-grid\">\n    <div class=\"ruta-caja\">\n      <h3>&#x1f4a7; Servicios de agua<\/h3>\n      <ul><li>Agua potable<\/li><li>Vaciado de aguas grises<\/li><li>Vaciado de aguas negras<\/li><li>Alternativa: Berio + campings Igeldo\/Igara<\/li><\/ul>\n    <\/div>\n    <div class=\"ruta-caja ruta-mapa\">\n      <h3>&#x1f5fa; Mapa<\/h3>\n      <iframe title=\"Mapa ruta 1\" src=\"https:\/\/www.google.com\/maps?q=43.296766%2C-1.969422&#038;output=embed\" loading=\"lazy\" allowfullscreen=\"\" referrerpolicy=\"no-referrer-when-downgrade\"><\/iframe>\n    <\/div>\n  <\/div>\n\n  <div class=\"ruta-consejo\"><strong>&#x1f4a1; Consejo de la ruta:<\/strong> En verano conviene llegar pronto. Con caravana, camping + coche suele ser la opci\u00f3n m\u00e1s c\u00f3moda.<\/div>\n<\/div><\/section>\n\n\n\n<section class=\"rumbante-ruta-wrap\"><div class=\"rumbante-ruta\">\n  <div class=\"ruta-cabecera\">\n    <div class=\"ruta-numero\">2<\/div>\n    <div>\n      <h2>Urdaibai y costa vizca\u00edna: Bilbao, Bermeo, Mundaka y Gaztelugatxe<\/h2>\n      <p>Ruta pensada para camper, autocaravana o caravana, con las adaptaciones indicadas.<\/p>\n    <\/div>\n  <\/div>\n\n  <div class=\"ruta-datos\">\n    <div class=\"ruta-dato\"><strong>&#x1f6e3; Distancia<\/strong><br>100\u2013130 km<\/div>\n    <div class=\"ruta-dato\"><strong>&#x1f5d3; Duraci\u00f3n<\/strong><br>2\u20133 d\u00edas<\/div>\n    <div class=\"ruta-dato\"><strong>&#x1f9ed; Tipo<\/strong><br>Costa + pueblos<\/div>\n    <div class=\"ruta-dato\"><strong>&#x26f0; Dificultad<\/strong><br>F\u00e1cil<\/div>\n  <\/div>\n\n  <div class=\"ruta-imagen\">\n    <img decoding=\"async\" src=\"https:\/\/rumbante.com\/wp-content\/uploads\/2026\/09\/02-urdaibai-bizkaia.png\" alt=\"Autocaravana frente a San Juan de Gaztelugatxe\" loading=\"lazy\">\n  <\/div>\n\n  <div class=\"ruta-grid\">\n    <div class=\"ruta-caja\">\n      <h3>&#x1f4cd; Qu\u00e9 ver<\/h3>\n      <ul><li>Bilbao y su r\u00eda<\/li><li>Gernika<\/li><li>Reserva de la Biosfera de Urdaibai<\/li><li>Mundaka<\/li><li>Bermeo<\/li><li>San Juan de Gaztelugatxe<\/li><\/ul>\n    <\/div>\n    <div class=\"ruta-caja\">\n      <h3>&#x1f6cf; D\u00f3nde pernoctar<\/h3>\n      <p><strong>Bilbao Caravanpark \u2013 Kobetamendi<\/strong><\/p>\n      <ul><li>Monte Kobeta, 31, Bilbao<\/li><li>Capacidad anunciada: 72 plazas<\/li><li>Tel.: +34 944 655 789<\/li><li>Email: info@bilbaocaravanpark.es<\/li><li>Caravana: confirmar admisi\u00f3n<\/li><\/ul>\n      <p><a href=\"https:\/\/turismo.euskadi.eus\/es\/alojamientos\/autocaravaning-obetamendi\/webtur00-content\/es\/\" target=\"_blank\" rel=\"noopener\">Consultar informaci\u00f3n oficial<\/a><\/p>\n    <\/div>\n  <\/div>\n\n  <div class=\"ruta-grid\">\n    <div class=\"ruta-caja\">\n      <h3>&#x1f4a7; Servicios de agua<\/h3>\n      <ul><li>\u00c1rea con servicios para veh\u00edculo vivienda<\/li><li>Bermeo dispone de zona municipal espec\u00edfica<\/li><li>Punto de evacuaci\u00f3n de aguas grises en Bermeo<\/li><li>Consultar tarifas vigentes<\/li><\/ul>\n    <\/div>\n    <div class=\"ruta-caja ruta-mapa\">\n      <h3>&#x1f5fa; Mapa<\/h3>\n      <iframe title=\"Mapa ruta 2\" src=\"https:\/\/www.google.com\/maps?q=Bilbao%20Caravan%20Park%2C%20Monte%20Kobeta%2031%2C%20Bilbao&#038;output=embed\" loading=\"lazy\" allowfullscreen=\"\" referrerpolicy=\"no-referrer-when-downgrade\"><\/iframe>\n    <\/div>\n  <\/div>\n\n  <div class=\"ruta-consejo\"><strong>&#x1f4a1; Consejo de la ruta:<\/strong> Para Gaztelugatxe revisa el sistema de acceso\/reserva y evita entrar con coche+caravana en zonas estrechas.<\/div>\n<\/div><\/section>\n\n\n\n<section class=\"rumbante-ruta-wrap\"><div class=\"rumbante-ruta\">\n  <div class=\"ruta-cabecera\">\n    <div class=\"ruta-numero\">3<\/div>\n    <div>\n      <h2>Santander, Somo y Costa Quebrada<\/h2>\n      <p>Ruta pensada para camper, autocaravana o caravana, con las adaptaciones indicadas.<\/p>\n    <\/div>\n  <\/div>\n\n  <div class=\"ruta-datos\">\n    <div class=\"ruta-dato\"><strong>&#x1f6e3; Distancia<\/strong><br>70\u2013100 km<\/div>\n    <div class=\"ruta-dato\"><strong>&#x1f5d3; Duraci\u00f3n<\/strong><br>2\u20133 d\u00edas<\/div>\n    <div class=\"ruta-dato\"><strong>&#x1f9ed; Tipo<\/strong><br>Playas + ciudad<\/div>\n    <div class=\"ruta-dato\"><strong>&#x26f0; Dificultad<\/strong><br>F\u00e1cil<\/div>\n  <\/div>\n\n  <div class=\"ruta-imagen\">\n    <img decoding=\"async\" src=\"https:\/\/rumbante.com\/wp-content\/uploads\/2026\/09\/03-cantabria.png\" alt=\"Caravana frente a la costa de Cantabria\" loading=\"lazy\">\n  <\/div>\n\n  <div class=\"ruta-grid\">\n    <div class=\"ruta-caja\">\n      <h3>&#x1f4cd; Qu\u00e9 ver<\/h3>\n      <ul><li>Somo y Loredo<\/li><li>Bah\u00eda y centro de Santander<\/li><li>El Sardinero<\/li><li>Faro de Cabo Mayor<\/li><li>Costa Quebrada<\/li><\/ul>\n    <\/div>\n    <div class=\"ruta-caja\">\n      <h3>&#x1f6cf; D\u00f3nde pernoctar<\/h3>\n      <p><strong>Las Llamas \u2013 Santander<\/strong><\/p>\n      <ul><li>C\/ Marino Fern\u00e1ndez Fontecha<\/li><li>GPS: 43.47222, -3.80361<\/li><li>M\u00e1ximo: 48 h<\/li><li>Caravana: priorizar camping<\/li><\/ul>\n      <p><a href=\"https:\/\/turismo.santander.es\/organiza-viaje\/autocaravanas\" target=\"_blank\" rel=\"noopener\">Consultar informaci\u00f3n oficial<\/a><\/p>\n    <\/div>\n  <\/div>\n\n  <div class=\"ruta-grid\">\n    <div class=\"ruta-caja\">\n      <h3>&#x1f4a7; Servicios de agua<\/h3>\n      <ul><li>Campings Cabo Mayor y Virgen del Mar<\/li><li>\u00c1rea Somo-Suesa con agua<\/li><li>Vaciado de grises y negras<\/li><li>Electricidad y ba\u00f1os en Somo-Suesa<\/li><\/ul>\n    <\/div>\n    <div class=\"ruta-caja ruta-mapa\">\n      <h3>&#x1f5fa; Mapa<\/h3>\n      <iframe title=\"Mapa ruta 3\" src=\"https:\/\/www.google.com\/maps?q=43.47222%2C-3.80361&#038;output=embed\" loading=\"lazy\" allowfullscreen=\"\" referrerpolicy=\"no-referrer-when-downgrade\"><\/iframe>\n    <\/div>\n  <\/div>\n\n  <div class=\"ruta-consejo\"><strong>&#x1f4a1; Consejo de la ruta:<\/strong> Con caravana, montar base en camping y recorrer la costa con el coche suele ser m\u00e1s pr\u00e1ctico.<\/div>\n<p class=\"ruta-enlace-relacionado\">\n  Si quieres preparar con m\u00e1s detalle las paradas, consulta nuestra gu\u00eda de\n  <a href=\"https:\/\/rumbante.com\/en\/donde-pernoctar-cantabria-camper-autocaravana-caravana\/\">\n    <strong>d\u00f3nde pernoctar en Cantabria con camper, autocaravana o caravana<\/strong>\n  <\/a>.\n<\/p>\n<\/div><\/section>\n\n\n\n<section class=\"rumbante-ruta-wrap\"><div class=\"rumbante-ruta\">\n  <div class=\"ruta-cabecera\">\n    <div class=\"ruta-numero\">4<\/div>\n    <div>\n      <h2>Li\u00e9bana y Picos de Europa: Panes, Potes y Fuente D\u00e9<\/h2>\n      <p>Ruta pensada para camper, autocaravana o caravana, con las adaptaciones indicadas.<\/p>\n    <\/div>\n  <\/div>\n\n  <div class=\"ruta-datos\">\n    <div class=\"ruta-dato\"><strong>&#x1f6e3; Distancia<\/strong><br>90\u2013120 km<\/div>\n    <div class=\"ruta-dato\"><strong>&#x1f5d3; Duraci\u00f3n<\/strong><br>3 d\u00edas<\/div>\n    <div class=\"ruta-dato\"><strong>&#x1f9ed; Tipo<\/strong><br>Monta\u00f1a<\/div>\n    <div class=\"ruta-dato\"><strong>&#x26f0; Dificultad<\/strong><br>Medium<\/div>\n  <\/div>\n\n  <div class=\"ruta-imagen\">\n    <img decoding=\"async\" src=\"https:\/\/rumbante.com\/wp-content\/uploads\/2026\/09\/04-picos-europa.png\" alt=\"Autocaravana en una carretera de Picos de Europa\" loading=\"lazy\">\n  <\/div>\n\n  <div class=\"ruta-grid\">\n    <div class=\"ruta-caja\">\n      <h3>&#x1f4cd; Qu\u00e9 ver<\/h3>\n      <ul><li>Panes<\/li><li>Desfiladero de La Hermida<\/li><li>Potes<\/li><li>Santo Toribio de Li\u00e9bana<\/li><li>Fuente D\u00e9<\/li><\/ul>\n    <\/div>\n    <div class=\"ruta-caja\">\n      <h3>&#x1f6cf; D\u00f3nde pernoctar<\/h3>\n      <p><strong>\u00c1rea de Panes<\/strong><\/p>\n      <ul><li>\u00c1rea p\u00fablica y gratuita<\/li><li>30 plazas publicadas<\/li><li>M\u00e1ximo: 48 h<\/li><li>GPS: 43.319700, -4.593891<\/li><li>Tel.: 985 414 008<\/li><\/ul>\n      <p><a href=\"https:\/\/www.turismoasturias.es\/es\/organiza-tu-viaje\/como-llegar-y-moverse\/autocaravanas\/area-panes\" target=\"_blank\" rel=\"noopener\">Consultar informaci\u00f3n oficial<\/a><\/p>\n    <\/div>\n  <\/div>\n\n  <div class=\"ruta-grid\">\n    <div class=\"ruta-caja\">\n      <h3>&#x1f4a7; Servicios de agua<\/h3>\n      <ul><li>Agua potable<\/li><li>Vaciado de grises<\/li><li>Vaciado de negras<\/li><li>Wifi y zona de picnic<\/li><\/ul>\n    <\/div>\n    <div class=\"ruta-caja ruta-mapa\">\n      <h3>&#x1f5fa; Mapa<\/h3>\n      <iframe title=\"Mapa ruta 4\" src=\"https:\/\/www.google.com\/maps?q=43.319700%2C-4.593891&#038;output=embed\" loading=\"lazy\" allowfullscreen=\"\" referrerpolicy=\"no-referrer-when-downgrade\"><\/iframe>\n    <\/div>\n  <\/div>\n\n  <div class=\"ruta-consejo\"><strong>&#x1f4a1; Consejo de la ruta:<\/strong> En Picos no improvises pernoctas en espacios protegidos. Con caravana, camping + coche es especialmente recomendable.<\/div>\n<\/div><\/section>\n\n\n\n<section class=\"rumbante-ruta-wrap\"><div class=\"rumbante-ruta\">\n  <div class=\"ruta-cabecera\">\n    <div class=\"ruta-numero\">5<\/div>\n    <div>\n      <h2>Asturias oriental: Llanes, Ribadesella, Cangas de On\u00eds y Covadonga<\/h2>\n      <p>Ruta pensada para camper, autocaravana o caravana, con las adaptaciones indicadas.<\/p>\n    <\/div>\n  <\/div>\n\n  <div class=\"ruta-datos\">\n    <div class=\"ruta-dato\"><strong>&#x1f6e3; Distancia<\/strong><br>120\u2013160 km<\/div>\n    <div class=\"ruta-dato\"><strong>&#x1f5d3; Duraci\u00f3n<\/strong><br>3\u20134 d\u00edas<\/div>\n    <div class=\"ruta-dato\"><strong>&#x1f9ed; Tipo<\/strong><br>Mar + monta\u00f1a<\/div>\n    <div class=\"ruta-dato\"><strong>&#x26f0; Dificultad<\/strong><br>Medium<\/div>\n  <\/div>\n\n  <div class=\"ruta-imagen\">\n    <img decoding=\"async\" src=\"https:\/\/rumbante.com\/wp-content\/uploads\/2026\/09\/05-asturias-oriental.png\" alt=\"Autocaravana frente a un paisaje de Asturias oriental\" loading=\"lazy\">\n  <\/div>\n\n  <div class=\"ruta-grid\">\n    <div class=\"ruta-caja\">\n      <h3>&#x1f4cd; Qu\u00e9 ver<\/h3>\n      <ul><li>Llanes<\/li><li>Bufones de Pr\u00eda<\/li><li>Ribadesella<\/li><li>Cangas de On\u00eds<\/li><li>Covadonga y Picos de Europa<\/li><\/ul>\n    <\/div>\n    <div class=\"ruta-caja\">\n      <h3>&#x1f6cf; D\u00f3nde pernoctar<\/h3>\n      <p><strong>Ribadesella \/ La Tal\u00e1<\/strong><\/p>\n      <ul><li>Ribadesella: m\u00e1ximo 48 h<\/li><li>GPS Ribadesella: 43.460278, -5.054167<\/li><li>La Tal\u00e1 (Llanes): 86 plazas<\/li><li>Caravana: confirmar admisi\u00f3n o usar camping<\/li><\/ul>\n      <p><a href=\"https:\/\/www.turismoasturias.es\/es\/organiza-tu-viaje\/como-llegar-y-moverse\/autocaravanas\/area-ribadesella\" target=\"_blank\" rel=\"noopener\">Consultar informaci\u00f3n oficial<\/a><\/p>\n    <\/div>\n  <\/div>\n\n  <div class=\"ruta-grid\">\n    <div class=\"ruta-caja\">\n      <h3>&#x1f4a7; Servicios de agua<\/h3>\n      <ul><li>Agua potable<\/li><li>Grises y negras en Ribadesella<\/li><li>La Tal\u00e1: agua y vaciado<\/li><li>Electricidad disponible en Llanes<\/li><\/ul>\n    <\/div>\n    <div class=\"ruta-caja ruta-mapa\">\n      <h3>&#x1f5fa; Mapa<\/h3>\n      <iframe title=\"Mapa ruta 5\" src=\"https:\/\/www.google.com\/maps?q=43.460278%2C-5.054167&#038;output=embed\" loading=\"lazy\" allowfullscreen=\"\" referrerpolicy=\"no-referrer-when-downgrade\"><\/iframe>\n    <\/div>\n  <\/div>\n\n  <div class=\"ruta-consejo\"><strong>&#x1f4a1; Consejo de la ruta:<\/strong> En temporada alta, revisa las restricciones de acceso a Covadonga antes de ir.<\/div>\n<\/div><\/section>\n\n\n\n<section class=\"rumbante-ruta-wrap\"><div class=\"rumbante-ruta\">\n  <div class=\"ruta-cabecera\">\n    <div class=\"ruta-numero\">6<\/div>\n    <div>\n      <h2>Asturias occidental: Cudillero, Luarca y Tapia de Casariego<\/h2>\n      <p>Ruta pensada para camper, autocaravana o caravana, con las adaptaciones indicadas.<\/p>\n    <\/div>\n  <\/div>\n\n  <div class=\"ruta-datos\">\n    <div class=\"ruta-dato\"><strong>&#x1f6e3; Distancia<\/strong><br>140\u2013170 km<\/div>\n    <div class=\"ruta-dato\"><strong>&#x1f5d3; Duraci\u00f3n<\/strong><br>3 d\u00edas<\/div>\n    <div class=\"ruta-dato\"><strong>&#x1f9ed; Tipo<\/strong><br>Pueblos marineros<\/div>\n    <div class=\"ruta-dato\"><strong>&#x26f0; Dificultad<\/strong><br>F\u00e1cil<\/div>\n  <\/div>\n\n  <div class=\"ruta-imagen\">\n    <img decoding=\"async\" src=\"https:\/\/rumbante.com\/wp-content\/uploads\/2026\/09\/06-asturias-occidental.png\" alt=\"Autocaravana frente a un pueblo costero asturiano\" loading=\"lazy\">\n  <\/div>\n\n  <div class=\"ruta-grid\">\n    <div class=\"ruta-caja\">\n      <h3>&#x1f4cd; Qu\u00e9 ver<\/h3>\n      <ul><li>Cudillero<\/li><li>Cabo Vidio<\/li><li>Luarca<\/li><li>Puerto de Vega<\/li><li>Tapia de Casariego<\/li><\/ul>\n    <\/div>\n    <div class=\"ruta-caja\">\n      <h3>&#x1f6cf; D\u00f3nde pernoctar<\/h3>\n      <p><strong>Avia-Cudillero<\/strong><\/p>\n      <ul><li>Pernocta posible<\/li><li>GPS: 43.554748, -6.166650<\/li><li>Agua potable<\/li><li>Vaciado gratuito para clientes de gasolinera<\/li><\/ul>\n      <p><a href=\"https:\/\/www.turismoasturias.es\/organiza-tu-viaje\/como-llegar-y-moverse\/autocaravanas\/area-autocaravanas-avia-cudillero\" target=\"_blank\" rel=\"noopener\">Consultar informaci\u00f3n oficial<\/a><\/p>\n    <\/div>\n  <\/div>\n\n  <div class=\"ruta-grid\">\n    <div class=\"ruta-caja\">\n      <h3>&#x1f4a7; Servicios de agua<\/h3>\n      <ul><li>Grises y negras en Avia-Cudillero<\/li><li>MasyMas Cudillero: servicio de agua y vaciado<\/li><li>MasyMas no permite pernocta<\/li><\/ul>\n    <\/div>\n    <div class=\"ruta-caja ruta-mapa\">\n      <h3>&#x1f5fa; Mapa<\/h3>\n      <iframe title=\"Mapa ruta 6\" src=\"https:\/\/www.google.com\/maps?q=43.554748%2C-6.166650&#038;output=embed\" loading=\"lazy\" allowfullscreen=\"\" referrerpolicy=\"no-referrer-when-downgrade\"><\/iframe>\n    <\/div>\n  <\/div>\n\n  <div class=\"ruta-consejo\"><strong>&#x1f4a1; Consejo de la ruta:<\/strong> La costa occidental se disfruta mejor sin prisas. Evita entrar con caravana en cascos hist\u00f3ricos peque\u00f1os.<\/div>\n<\/div><\/section>\n\n\n\n<section class=\"rumbante-ruta-wrap\"><div class=\"rumbante-ruta\">\n  <div class=\"ruta-cabecera\">\n    <div class=\"ruta-numero\">7<\/div>\n    <div>\n      <h2>A Mari\u00f1a Lucense: Ribadeo, Praia das Catedrais y Mondo\u00f1edo<\/h2>\n      <p>Ruta pensada para camper, autocaravana o caravana, con las adaptaciones indicadas.<\/p>\n    <\/div>\n  <\/div>\n\n  <div class=\"ruta-datos\">\n    <div class=\"ruta-dato\"><strong>&#x1f6e3; Distancia<\/strong><br>70\u2013100 km<\/div>\n    <div class=\"ruta-dato\"><strong>&#x1f5d3; Duraci\u00f3n<\/strong><br>2\u20133 d\u00edas<\/div>\n    <div class=\"ruta-dato\"><strong>&#x1f9ed; Tipo<\/strong><br>Playas + patrimonio<\/div>\n    <div class=\"ruta-dato\"><strong>&#x26f0; Dificultad<\/strong><br>F\u00e1cil<\/div>\n  <\/div>\n\n  <div class=\"ruta-imagen\">\n    <img decoding=\"async\" src=\"https:\/\/rumbante.com\/wp-content\/uploads\/2026\/09\/07-marina-lucense.png\" alt=\"Autocaravana recorriendo la costa de A Mari\u00f1a Lucense\" loading=\"lazy\">\n  <\/div>\n\n  <div class=\"ruta-grid\">\n    <div class=\"ruta-caja\">\n      <h3>&#x1f4cd; Qu\u00e9 ver<\/h3>\n      <ul><li>Ribadeo<\/li><li>Rinlo<\/li><li>Praia das Catedrais<\/li><li>Foz<\/li><li>Mondo\u00f1edo<\/li><\/ul>\n    <\/div>\n    <div class=\"ruta-caja\">\n      <h3>&#x1f6cf; D\u00f3nde pernoctar<\/h3>\n      <p><strong>\u00c1rea municipal de Mondo\u00f1edo<\/strong><\/p>\n      <ul><li>\u00c1rea gratuita<\/li><li>R\u00faa Paxari\u00f1os \/ Avda. San Lucas<\/li><li>GPS: 43\u00b025&#x27;38.9N, 7\u00b022&#x27;11.3W<\/li><li>Caravana: Camping Rinlo como alternativa<\/li><\/ul>\n      <p><a href=\"https:\/\/www.turismo.gal\/recurso\/-\/detalle\/280382421\/area-de-mondonedo?langId=es_ES\" target=\"_blank\" rel=\"noopener\">Consultar informaci\u00f3n oficial<\/a><\/p>\n    <\/div>\n  <\/div>\n\n  <div class=\"ruta-grid\">\n    <div class=\"ruta-caja\">\n      <h3>&#x1f4a7; Servicios de agua<\/h3>\n      <ul><li>Agua potable<\/li><li>Vaciado de grises<\/li><li>Vaciado de negras<\/li><li>Pernocta permitida<\/li><\/ul>\n    <\/div>\n    <div class=\"ruta-caja ruta-mapa\">\n      <h3>&#x1f5fa; Mapa<\/h3>\n      <iframe title=\"Mapa ruta 7\" src=\"https:\/\/www.google.com\/maps?q=%C3%81rea%20de%20autocaravanas%20Mondo%C3%B1edo%2C%20Lugo%2C%20Espa%C3%B1a&#038;output=embed\" loading=\"lazy\" allowfullscreen=\"\" referrerpolicy=\"no-referrer-when-downgrade\"><\/iframe>\n    <\/div>\n  <\/div>\n\n  <div class=\"ruta-consejo\"><strong>&#x1f4a1; Consejo de la ruta:<\/strong> Para Praia das Catedrais, consulta accesos y reservas en fechas de alta demanda.<\/div>\n<\/div><\/section>\n\n\n\n<section class=\"rumbante-ruta-wrap\"><div class=\"rumbante-ruta\">\n  <div class=\"ruta-cabecera\">\n    <div class=\"ruta-numero\">8<\/div>\n    <div>\n      <h2>Ferrolterra: Cedeira, San Andr\u00e9s de Teixido, Cari\u00f1o y Cabo Ortegal<\/h2>\n      <p>Ruta pensada para camper, autocaravana o caravana, con las adaptaciones indicadas.<\/p>\n    <\/div>\n  <\/div>\n\n  <div class=\"ruta-datos\">\n    <div class=\"ruta-dato\"><strong>&#x1f6e3; Distancia<\/strong><br>90\u2013130 km<\/div>\n    <div class=\"ruta-dato\"><strong>&#x1f5d3; Duraci\u00f3n<\/strong><br>2\u20133 d\u00edas<\/div>\n    <div class=\"ruta-dato\"><strong>&#x1f9ed; Tipo<\/strong><br>Acantilados + naturaleza<\/div>\n    <div class=\"ruta-dato\"><strong>&#x26f0; Dificultad<\/strong><br>Medium<\/div>\n  <\/div>\n\n  <div class=\"ruta-imagen\">\n    <img decoding=\"async\" src=\"https:\/\/rumbante.com\/wp-content\/uploads\/2026\/09\/08-ferrolterra.png\" alt=\"Autocaravana recorriendo la costa de Ferrolterra\" loading=\"lazy\">\n  <\/div>\n\n  <div class=\"ruta-grid\">\n    <div class=\"ruta-caja\">\n      <h3>&#x1f4cd; Qu\u00e9 ver<\/h3>\n      <ul><li>Cedeira<\/li><li>San Andr\u00e9s de Teixido<\/li><li>Serra da Capelada<\/li><li>Cari\u00f1o<\/li><li>Cabo Ortegal<\/li><\/ul>\n    <\/div>\n    <div class=\"ruta-caja\">\n      <h3>&#x1f6cf; D\u00f3nde pernoctar<\/h3>\n      <p><strong>\u00c1rea municipal de Cari\u00f1o<\/strong><\/p>\n      <ul><li>Concepci\u00f3n Arenal 23<\/li><li>GPS: 43\u00b044&#x27;00.7N, 7\u00b052&#x27;28.0W<\/li><li>\u00c1rea p\u00fablica y gratuita<\/li><li>Caravana: confirmar admisi\u00f3n<\/li><\/ul>\n      <p><a href=\"https:\/\/www.turismo.gal\/recurso\/-\/detalle\/280382398\/area-de-servizo-de-carino?langId=es_ES\" target=\"_blank\" rel=\"noopener\">Consultar informaci\u00f3n oficial<\/a><\/p>\n    <\/div>\n  <\/div>\n\n  <div class=\"ruta-grid\">\n    <div class=\"ruta-caja\">\n      <h3>&#x1f4a7; Servicios de agua<\/h3>\n      <ul><li>Agua potable<\/li><li>Grises<\/li><li>Negras<\/li><li>Pernocta<\/li><\/ul>\n    <\/div>\n    <div class=\"ruta-caja ruta-mapa\">\n      <h3>&#x1f5fa; Mapa<\/h3>\n      <iframe title=\"Mapa ruta 8\" src=\"https:\/\/www.google.com\/maps?q=Concepci%C3%B3n%20Arenal%2023%2C%20Cari%C3%B1o%2C%20A%20Coru%C3%B1a%2C%20Espa%C3%B1a&#038;output=embed\" loading=\"lazy\" allowfullscreen=\"\" referrerpolicy=\"no-referrer-when-downgrade\"><\/iframe>\n    <\/div>\n  <\/div>\n\n  <div class=\"ruta-consejo\"><strong>&#x1f4a1; Consejo de la ruta:<\/strong> En miradores y espacios naturales no saques mesas, sillas o toldo salvo que est\u00e9 expresamente permitido.<\/div>\n<\/div><\/section>\n\n\n\n<section class=\"rumbante-ruta-wrap\"><div class=\"rumbante-ruta\">\n  <div class=\"ruta-cabecera\">\n    <div class=\"ruta-numero\">9<\/div>\n    <div>\n      <h2>Costa da Morte: Mux\u00eda, Fisterra, \u00c9zaro y Carnota<\/h2>\n      <p>Ruta pensada para camper, autocaravana o caravana, con las adaptaciones indicadas.<\/p>\n    <\/div>\n  <\/div>\n\n  <div class=\"ruta-datos\">\n    <div class=\"ruta-dato\"><strong>&#x1f6e3; Distancia<\/strong><br>130\u2013180 km<\/div>\n    <div class=\"ruta-dato\"><strong>&#x1f5d3; Duraci\u00f3n<\/strong><br>3\u20134 d\u00edas<\/div>\n    <div class=\"ruta-dato\"><strong>&#x1f9ed; Tipo<\/strong><br>Faros + Atl\u00e1ntico<\/div>\n    <div class=\"ruta-dato\"><strong>&#x26f0; Dificultad<\/strong><br>Medium<\/div>\n  <\/div>\n\n  <div class=\"ruta-imagen\">\n    <img decoding=\"async\" src=\"https:\/\/rumbante.com\/wp-content\/uploads\/2026\/09\/09-costa-da-morte.png\" alt=\"Autocaravana junto a un faro de la Costa da Morte\" loading=\"lazy\">\n  <\/div>\n\n  <div class=\"ruta-grid\">\n    <div class=\"ruta-caja\">\n      <h3>&#x1f4cd; Qu\u00e9 ver<\/h3>\n      <ul><li>Mux\u00eda<\/li><li>Faro de Fisterra<\/li><li>Cascada de \u00c9zaro<\/li><li>Monte Pindo<\/li><li>Playa y h\u00f3rreo de Carnota<\/li><\/ul>\n    <\/div>\n    <div class=\"ruta-caja\">\n      <h3>&#x1f6cf; D\u00f3nde pernoctar<\/h3>\n      <p><strong>\u00c1rea de Carnota<\/strong><\/p>\n      <ul><li>\u00c1rea p\u00fablica y gratuita<\/li><li>Fre\u00e1n, San Mamede de Carnota<\/li><li>GPS: 42\u00b050&#x27;27.6N, 9\u00b005&#x27;44.8W<\/li><li>Caravana: confirmar admisi\u00f3n<\/li><\/ul>\n      <p><a href=\"https:\/\/www.turismo.gal\/recurso?cod_rec=280382414&#038;langId=es_ES\" target=\"_blank\" rel=\"noopener\">Consultar informaci\u00f3n oficial<\/a><\/p>\n    <\/div>\n  <\/div>\n\n  <div class=\"ruta-grid\">\n    <div class=\"ruta-caja\">\n      <h3>&#x1f4a7; Servicios de agua<\/h3>\n      <ul><li>Agua potable<\/li><li>Grises<\/li><li>Negras<\/li><li>Picnic y juegos<\/li><\/ul>\n    <\/div>\n    <div class=\"ruta-caja ruta-mapa\">\n      <h3>&#x1f5fa; Mapa<\/h3>\n      <iframe title=\"Mapa ruta 9\" src=\"https:\/\/www.google.com\/maps?q=%C3%81rea%20de%20autocaravanas%20de%20Carnota%2C%20A%20Coru%C3%B1a%2C%20Espa%C3%B1a&#038;output=embed\" loading=\"lazy\" allowfullscreen=\"\" referrerpolicy=\"no-referrer-when-downgrade\"><\/iframe>\n    <\/div>\n  <\/div>\n\n  <div class=\"ruta-consejo\"><strong>&#x1f4a1; Consejo de la ruta:<\/strong> Fisterra tambi\u00e9n tiene \u00e1reas privadas con servicios completos. En temporada alta, reserva si quieres asegurar plaza.<\/div>\n<\/div><\/section>\n\n\n\n<section class=\"rumbante-ruta-wrap\"><div class=\"rumbante-ruta\">\n  <div class=\"ruta-cabecera\">\n    <div class=\"ruta-numero\">10<\/div>\n    <div>\n      <h2>Pirineo navarro: Roncesvalles, Irati, Ochagav\u00eda e Isaba<\/h2>\n      <p>Ruta pensada para camper, autocaravana o caravana, con las adaptaciones indicadas.<\/p>\n    <\/div>\n  <\/div>\n\n  <div class=\"ruta-datos\">\n    <div class=\"ruta-dato\"><strong>&#x1f6e3; Distancia<\/strong><br>180\u2013230 km<\/div>\n    <div class=\"ruta-dato\"><strong>&#x1f5d3; Duraci\u00f3n<\/strong><br>4 d\u00edas<\/div>\n    <div class=\"ruta-dato\"><strong>&#x1f9ed; Tipo<\/strong><br>Bosques + monta\u00f1a<\/div>\n    <div class=\"ruta-dato\"><strong>&#x26f0; Dificultad<\/strong><br>Medium<\/div>\n  <\/div>\n\n  <div class=\"ruta-imagen\">\n    <img decoding=\"async\" src=\"https:\/\/rumbante.com\/wp-content\/uploads\/2026\/09\/10-pirineo-navarro.png\" alt=\"Caravana frente a un pueblo del Pirineo navarro\" loading=\"lazy\">\n  <\/div>\n\n  <div class=\"ruta-grid\">\n    <div class=\"ruta-caja\">\n      <h3>&#x1f4cd; Qu\u00e9 ver<\/h3>\n      <ul><li>Roncesvalles<\/li><li>Burguete y Espinal<\/li><li>Selva de Irati<\/li><li>Ochagav\u00eda<\/li><li>Isaba<\/li><li>Belagua y Larra<\/li><\/ul>\n    <\/div>\n    <div class=\"ruta-caja\">\n      <h3>&#x1f6cf; D\u00f3nde pernoctar<\/h3>\n      <p><strong>Roncesvalles \/ Isaba<\/strong><\/p>\n      <ul><li>Roncesvalles: parking habilitado seg\u00fan Visit Navarra<\/li><li>Isaba: \u00e1rea p\u00fablica con servicios<\/li><li>Caravana: camping recomendado para montar base<\/li><\/ul>\n      <p><a href=\"https:\/\/www.visitnavarra.es\/es\/-\/navarra-en-autocaravana-con-ninos-consejos-y-rutas-inolvidables\" target=\"_blank\" rel=\"noopener\">Consultar informaci\u00f3n oficial<\/a><\/p>\n    <\/div>\n  <\/div>\n\n  <div class=\"ruta-grid\">\n    <div class=\"ruta-caja\">\n      <h3>&#x1f4a7; Servicios de agua<\/h3>\n      <ul><li>Agua potable en Isaba<\/li><li>Vaciado de grises<\/li><li>Vaciado de negras<\/li><li>Consultar pernocta vigente<\/li><\/ul>\n    <\/div>\n    <div class=\"ruta-caja ruta-mapa\">\n      <h3>&#x1f5fa; Mapa<\/h3>\n      <iframe title=\"Mapa ruta 10\" src=\"https:\/\/www.google.com\/maps?q=Isaba%2C%20Navarra%2C%20Espa%C3%B1a&#038;output=embed\" loading=\"lazy\" allowfullscreen=\"\" referrerpolicy=\"no-referrer-when-downgrade\"><\/iframe>\n    <\/div>\n  <\/div>\n\n  <div class=\"ruta-consejo\"><strong>&#x1f4a1; Consejo de la ruta:<\/strong> Irati tiene regulaci\u00f3n propia. No cuentes con pernocta libre dentro del espacio natural.<\/div>\n<\/div><\/section>\n\n<h2 class=\"wp-block-heading\">Consejos finales<\/h2>\n<ul class=\"wp-block-list\"><li>Comprueba la se\u00f1alizaci\u00f3n al llegar.<\/li><li>En verano, llega pronto a las \u00e1reas peque\u00f1as.<\/li><li>Con caravana, prioriza camping y usa el coche para las excursiones.<\/li><li>En parques naturales, revisa normativa espec\u00edfica.<\/li><li>Vac\u00eda aguas solo en puntos autorizados.<\/li><\/ul>\n<h2 class=\"wp-block-heading\">Conclusi\u00f3n<\/h2>\n<p class=\"wp-block-paragraph\">Estas diez rutas permiten recorrer el norte de Espa\u00f1a de forma flexible, sabiendo d\u00f3nde dormir, c\u00f3mo realizar los servicios del veh\u00edculo y qu\u00e9 lugares merecen realmente una parada.<\/p>","protected":false},"excerpt":{"rendered":"<p>Diez rutas por Euskadi, Cantabria, Asturias, Galicia y Navarra con lugares que visitar, \u00e1reas de pernocta, campings, puntos gratuitos y zonas para cargar agua y vaciar aguas grises y negras.<\/p>","protected":false},"author":1,"featured_media":372,"comment_status":"open","ping_status":"open","sticky":false,"template":"","format":"standard","meta":{"footnotes":""},"categories":[34,33],"tags":[],"class_list":["post-360","post","type-post","status-publish","format-standard","has-post-thumbnail","hentry","category-espana","category-viajes"],"_links":{"self":[{"href":"https:\/\/rumbante.com\/en\/wp-json\/wp\/v2\/posts\/360","targetHints":{"allow":["GET"]}}],"collection":[{"href":"https:\/\/rumbante.com\/en\/wp-json\/wp\/v2\/posts"}],"about":[{"href":"https:\/\/rumbante.com\/en\/wp-json\/wp\/v2\/types\/post"}],"author":[{"embeddable":true,"href":"https:\/\/rumbante.com\/en\/wp-json\/wp\/v2\/users\/1"}],"replies":[{"embeddable":true,"href":"https:\/\/rumbante.com\/en\/wp-json\/wp\/v2\/comments?post=360"}],"version-history":[{"count":10,"href":"https:\/\/rumbante.com\/en\/wp-json\/wp\/v2\/posts\/360\/revisions"}],"predecessor-version":[{"id":400,"href":"https:\/\/rumbante.com\/en\/wp-json\/wp\/v2\/posts\/360\/revisions\/400"}],"wp:featuredmedia":[{"embeddable":true,"href":"https:\/\/rumbante.com\/en\/wp-json\/wp\/v2\/media\/372"}],"wp:attachment":[{"href":"https:\/\/rumbante.com\/en\/wp-json\/wp\/v2\/media?parent=360"}],"wp:term":[{"taxonomy":"category","embeddable":true,"href":"https:\/\/rumbante.com\/en\/wp-json\/wp\/v2\/categories?post=360"},{"taxonomy":"post_tag","embeddable":true,"href":"https:\/\/rumbante.com\/en\/wp-json\/wp\/v2\/tags?post=360"}],"curies":[{"name":"wp","href":"https:\/\/api.w.org\/{rel}","templated":true}]}}