{"id":391,"date":"2026-09-03T14:26:34","date_gmt":"2026-09-03T12:26:34","guid":{"rendered":"https:\/\/rumbante.com\/?p=391"},"modified":"2026-09-03T14:27:46","modified_gmt":"2026-09-03T12:27:46","slug":"donde-pernoctar-cantabria-camper-autocaravana-caravana","status":"publish","type":"post","link":"https:\/\/rumbante.com\/en\/donde-pernoctar-cantabria-camper-autocaravana-caravana\/","title":{"rendered":"D\u00f3nde pernoctar en Cantabria con camper, autocaravana o caravana: 8 \u00e1reas y campings"},"content":{"rendered":"<p class=\"wp-block-paragraph\">\u00bfBuscas d\u00f3nde dormir en Cantabria viajando en camper, autocaravana o caravana? En esta gu\u00eda reunimos <strong>8 bases especialmente \u00fatiles<\/strong> para conocer la costa, Santander, Cab\u00e1rceno, Comillas, Li\u00e9rganes, Potes y Castro Urdiales, diferenciando entre \u00e1reas de autocaravanas y campings.<\/p>\n\n\n\n<div class=\"rumbante-resumen-wrap\"><div class=\"rumbante-resumen\">\n  <div><strong>&#x1f690; Camper y autocaravana<\/strong><br>\u00c1reas espec\u00edficas y campings.<\/div>\n  <div><strong>&#x1f699; Caravana<\/strong><br>Indicamos cu\u00e1ndo conviene priorizar camping.<\/div>\n  <div><strong>&#x1f4a7; Servicios<\/strong><br>Agua, grises, negras y electricidad cuando consta.<\/div>\n  <div><strong>&#x1f5fa; Mapas<\/strong><br>Localizaci\u00f3n integrada en cada parada.<\/div>\n<\/div><\/div>\n\n\n<h2 class=\"wp-block-heading\">Antes de elegir d\u00f3nde dormir<\/h2>\n<p class=\"wp-block-paragraph\">En Cantabria existe desde 2026 un nuevo marco auton\u00f3mico para los campamentos de turismo y las \u00e1reas de servicio para autocaravanas. Aun as\u00ed, el estacionamiento y la pernocta tambi\u00e9n pueden depender de la se\u00f1alizaci\u00f3n y de las ordenanzas municipales. <strong>Una caravana remolcada no debe darse por admitida autom\u00e1ticamente en un \u00e1rea de autocaravanas<\/strong>: cuando no consta expresamente, la opci\u00f3n segura es confirmar antes o utilizar un camping.<\/p>\n\n<p class=\"wp-block-paragraph\"><strong>Importante:<\/strong> las tarifas y condiciones pueden cambiar. Esta gu\u00eda incluye referencias consultadas en septiembre de 2026, pero conviene revisar la fuente enlazada antes del viaje.<\/p>\n\n<h2 class=\"wp-block-heading\">8 lugares pr\u00e1cticos para pernoctar en Cantabria<\/h2>\n\n<section class=\"rumbante-ruta-wrap\"><div class=\"rumbante-ruta\">\n  <div class=\"ruta-cabecera\">\n    <div class=\"ruta-numero\">1<\/div>\n    <div>\n      <h2>Santander: \u00e1rea de Las Llamas<\/h2>\n      <p>Una opci\u00f3n pr\u00e1ctica para incluir en una ruta por Cantabria.<\/p>\n    <\/div>\n  <\/div>\n\n  <div class=\"ruta-datos\">\n    <div class=\"ruta-dato\"><strong>&#x1f690; Tipo<\/strong><br>\u00c1rea p\u00fablica<\/div>\n    <div class=\"ruta-dato\"><strong>&#x1f4b6; Precio<\/strong><br>Gratis<\/div>\n    <div class=\"ruta-dato\"><strong>&#x23f1; Estancia<\/strong><br>48 h<\/div>\n    <div class=\"ruta-dato\"><strong>&#x1f4cd; Ideal para<\/strong><br>Visitar Santander<\/div>\n  <\/div>\n\n  <div class=\"ruta-grid\">\n    <div class=\"ruta-caja\">\n      <h3>&#x1f4cd; Qu\u00e9 ver<\/h3>\n      <ul><li>Parque de Las Llamas<\/li><li>El Sardinero<\/li><li>Faro de Cabo Mayor<\/li><li>Pen\u00ednsula de La Magdalena<\/li><li>Centro y bah\u00eda de Santander<\/li><\/ul>\n    <\/div>\n\n    <div class=\"ruta-caja\">\n      <h3>&#x1f6cf; D\u00f3nde pernoctar<\/h3>\n      <p><strong>Aparcamiento de autocaravanas de Las Llamas<\/strong><\/p>\n      <ul><li>C\/ Marino Fern\u00e1ndez Fontecha \u2013 Parque de Las Llamas<\/li><li>GPS: 43.47222, -3.80361<\/li><li>Pernocta permitida \u00fanicamente en este aparcamiento especial dentro del municipio<\/li><li>Tiempo m\u00e1ximo oficial: 48 horas<\/li><li>Para caravana: mejor Camping Cabo Mayor o Camping Virgen del Mar<\/li><\/ul>\n      <p><a href=\"https:\/\/turismo.santander.es\/organiza-viaje\/autocaravanas\" target=\"_blank\" rel=\"noopener\">Consultar informaci\u00f3n y condiciones<\/a><\/p>\n    <\/div>\n  <\/div>\n\n  <div class=\"ruta-grid\">\n    <div class=\"ruta-caja\">\n      <h3>&#x1f4a7; Servicios<\/h3>\n      <ul><li>Punto de agua potable y evacuaci\u00f3n de aguas residuales seg\u00fan documentaci\u00f3n municipal<\/li><li>Paradas de autob\u00fas urbano pr\u00f3ximas<\/li><li>Camping Cabo Mayor: 942 391 542<\/li><li>Camping Virgen del Mar: 942 342 425<\/li><\/ul>\n    <\/div>\n\n    <div class=\"ruta-caja ruta-mapa\">\n      <h3>&#x1f5fa; Mapa<\/h3>\n      <iframe title=\"Mapa Santander: \u00e1rea de Las Llamas\" src=\"https:\/\/www.google.com\/maps?q=43.47222%2C-3.80361&#038;output=embed\" loading=\"lazy\" allowfullscreen=\"\" referrerpolicy=\"no-referrer-when-downgrade\"><\/iframe>\n    <\/div>\n  <\/div>\n\n  <div class=\"ruta-consejo\"><strong>&#x1f4a1; Consejo:<\/strong> Es la opci\u00f3n m\u00e1s pr\u00e1ctica para visitar Santander sin mover el veh\u00edculo. En verano y fines de semana conviene llegar con margen.<\/div>\n<\/div><\/section>\n\n\n\n<section class=\"rumbante-ruta-wrap\"><div class=\"rumbante-ruta\">\n  <div class=\"ruta-cabecera\">\n    <div class=\"ruta-numero\">2<\/div>\n    <div>\n      <h2>Somo y Suesa: costa, surf y acceso en barco a Santander<\/h2>\n      <p>Una opci\u00f3n pr\u00e1ctica para incluir en una ruta por Cantabria.<\/p>\n    <\/div>\n  <\/div>\n\n  <div class=\"ruta-datos\">\n    <div class=\"ruta-dato\"><strong>&#x1f690; Tipo<\/strong><br>\u00c1rea de servicios<\/div>\n    <div class=\"ruta-dato\"><strong>&#x1f4b6; Precio<\/strong><br>Consultar<\/div>\n    <div class=\"ruta-dato\"><strong>&#x23f1; Estancia<\/strong><br>Seg\u00fan \u00e1rea<\/div>\n    <div class=\"ruta-dato\"><strong>&#x1f4cd; Ideal para<\/strong><br>Playa + Santander<\/div>\n  <\/div>\n\n  <div class=\"ruta-grid\">\n    <div class=\"ruta-caja\">\n      <h3>&#x1f4cd; Qu\u00e9 ver<\/h3>\n      <ul><li>Playa de Somo<\/li><li>Loredo<\/li><li>Dunas y estuario del Miera<\/li><li>Paseo mar\u00edtimo<\/li><li>Barco Somo\u2013Santander<\/li><\/ul>\n    <\/div>\n\n    <div class=\"ruta-caja\">\n      <h3>&#x1f6cf; D\u00f3nde pernoctar<\/h3>\n      <p><strong>\u00c1rea de Servicios de Autocaravanas Somo\u2013Suesa<\/strong><\/p>\n      <ul><li>C\/ Mojante 25, Somo\u2013Suesa<\/li><li>GPS: 43\u00b026&#x27;46&quot;N, 3\u00b043&#x27;43&quot;O<\/li><li>Tel\u00e9fonos: 670 275 646 \/ 677 485 681<\/li><li>La informaci\u00f3n tur\u00edstica recuerda que est\u00e1 prohibido acampar fuera de las zonas habilitadas<\/li><li>Con caravana: confirmar previamente la admisi\u00f3n<\/li><\/ul>\n      <p><a href=\"https:\/\/turismodecantabria.com\/wp-content\/uploads\/2023\/06\/aeaa3219-aa7b-ab9b-8651-3d1384980b0c.pdf\" target=\"_blank\" rel=\"noopener\">Consultar informaci\u00f3n y condiciones<\/a><\/p>\n    <\/div>\n  <\/div>\n\n  <div class=\"ruta-grid\">\n    <div class=\"ruta-caja\">\n      <h3>&#x1f4a7; Servicios<\/h3>\n      <ul><li>Descarga de aguas residuales<\/li><li>Carga de agua<\/li><li>Ba\u00f1os y duchas<\/li><li>Electrical<\/li><\/ul>\n    <\/div>\n\n    <div class=\"ruta-caja ruta-mapa\">\n      <h3>&#x1f5fa; Mapa<\/h3>\n      <iframe title=\"Mapa Somo y Suesa: costa, surf y acceso en barco a Santander\" src=\"https:\/\/www.google.com\/maps?q=Calle%20Mojante%2025%2C%20Suesa%2C%20Cantabria&#038;output=embed\" loading=\"lazy\" allowfullscreen=\"\" referrerpolicy=\"no-referrer-when-downgrade\"><\/iframe>\n    <\/div>\n  <\/div>\n\n  <div class=\"ruta-consejo\"><strong>&#x1f4a1; Consejo:<\/strong> Muy buena base para combinar playa y Santander sin entrar con el veh\u00edculo en la ciudad.<\/div>\n<\/div><\/section>\n\n\n\n<section class=\"rumbante-ruta-wrap\"><div class=\"rumbante-ruta\">\n  <div class=\"ruta-cabecera\">\n    <div class=\"ruta-numero\">3<\/div>\n    <div>\n      <h2>Cab\u00e1rceno: dormir junto al Lago del Acebo<\/h2>\n      <p>Una opci\u00f3n pr\u00e1ctica para incluir en una ruta por Cantabria.<\/p>\n    <\/div>\n  <\/div>\n\n  <div class=\"ruta-datos\">\n    <div class=\"ruta-dato\"><strong>&#x1f690; Tipo<\/strong><br>Pernocta<\/div>\n    <div class=\"ruta-dato\"><strong>&#x1f4b6; Precio<\/strong><br>Gratis<\/div>\n    <div class=\"ruta-dato\"><strong>&#x23f1; Estancia<\/strong><br>Comprobar<\/div>\n    <div class=\"ruta-dato\"><strong>&#x1f4cd; Ideal para<\/strong><br>Cab\u00e1rceno<\/div>\n  <\/div>\n\n  <div class=\"ruta-grid\">\n    <div class=\"ruta-caja\">\n      <h3>&#x1f4cd; Qu\u00e9 ver<\/h3>\n      <ul><li>Parque de la Naturaleza de Cab\u00e1rceno<\/li><li>Lago del Acebo<\/li><li>Telecabina<\/li><li>Obreg\u00f3n<\/li><li>Pe\u00f1a Cabarga<\/li><\/ul>\n    <\/div>\n\n    <div class=\"ruta-caja\">\n      <h3>&#x1f6cf; D\u00f3nde pernoctar<\/h3>\n      <p><strong>Zona de pernocta del Lago del Acebo<\/strong><\/p>\n      <ul><li>Situada junto a la entrada este del parque<\/li><li>El propio Parque de Cab\u00e1rceno confirma la existencia de una zona de pernocta para autocaravanas<\/li><li>El \u00e1rea se describe como sin servicios<\/li><li>Las autocaravanas pueden entrar al parque, aunque hay recorridos y zonas con restricciones por la orograf\u00eda<\/li><li>Con caravana: usar camping o instalaci\u00f3n que confirme expresamente su admisi\u00f3n<\/li><\/ul>\n      <p><a href=\"https:\/\/parquedecabarceno.com\/descubre-este-puente-de-diciembre-los-lugares-escondidos-de-cabarceno\/\" target=\"_blank\" rel=\"noopener\">Consultar informaci\u00f3n y condiciones<\/a><\/p>\n    <\/div>\n  <\/div>\n\n  <div class=\"ruta-grid\">\n    <div class=\"ruta-caja\">\n      <h3>&#x1f4a7; Servicios<\/h3>\n      <ul><li>La zona de pernocta del lago no ofrece servicios seg\u00fan informaci\u00f3n del parque<\/li><li>Planifica agua y vaciado antes de llegar<\/li><li>InfoCab\u00e1rceno: 606 592 281<\/li><li>Infocantur: 942 310 708<\/li><\/ul>\n    <\/div>\n\n    <div class=\"ruta-caja ruta-mapa\">\n      <h3>&#x1f5fa; Mapa<\/h3>\n      <iframe title=\"Mapa Cab\u00e1rceno: dormir junto al Lago del Acebo\" src=\"https:\/\/www.google.com\/maps?q=Lago%20del%20Acebo%2C%20Cab%C3%A1rceno%2C%20Cantabria&#038;output=embed\" loading=\"lazy\" allowfullscreen=\"\" referrerpolicy=\"no-referrer-when-downgrade\"><\/iframe>\n    <\/div>\n  <\/div>\n\n  <div class=\"ruta-consejo\"><strong>&#x1f4a1; Consejo:<\/strong> Si vas en fecha de mucha afluencia, compra la entrada con antelaci\u00f3n: el parque ha llegado a limitar el acceso de veh\u00edculos al alcanzar el aforo recomendado.<\/div>\n<\/div><\/section>\n\n\n\n<section class=\"rumbante-ruta-wrap\"><div class=\"rumbante-ruta\">\n  <div class=\"ruta-cabecera\">\n    <div class=\"ruta-numero\">4<\/div>\n    <div>\n      <h2>Comillas: camping y camper park cerca del centro<\/h2>\n      <p>Una opci\u00f3n pr\u00e1ctica para incluir en una ruta por Cantabria.<\/p>\n    <\/div>\n  <\/div>\n\n  <div class=\"ruta-datos\">\n    <div class=\"ruta-dato\"><strong>&#x1f690; Tipo<\/strong><br>Camping + \u00e1rea<\/div>\n    <div class=\"ruta-dato\"><strong>&#x1f4b6; Precio<\/strong><br>Desde 18 \u20ac parcela*<\/div>\n    <div class=\"ruta-dato\"><strong>&#x23f1; Estancia<\/strong><br>Seg\u00fan alojamiento<\/div>\n    <div class=\"ruta-dato\"><strong>&#x1f4cd; Ideal para<\/strong><br>Patrimonio + costa<\/div>\n  <\/div>\n\n  <div class=\"ruta-grid\">\n    <div class=\"ruta-caja\">\n      <h3>&#x1f4cd; Qu\u00e9 ver<\/h3>\n      <ul><li>El Capricho de Gaud\u00ed<\/li><li>Palacio de Sobrellano<\/li><li>Universidad Pontificia<\/li><li>Centro hist\u00f3rico<\/li><li>Playa de Comillas<\/li><\/ul>\n    <\/div>\n\n    <div class=\"ruta-caja\">\n      <h3>&#x1f6cf; D\u00f3nde pernoctar<\/h3>\n      <p><strong>Camping de Comillas \/ Camper Park Cogiendo Aire<\/strong><\/p>\n      <ul><li>Camping de Comillas admite coche + tienda o caravana, camper, etc.<\/li><li>En 2026 publica parcelas desde 18 \u20ac en temporada media y 19 \u20ac en julio\/agosto, m\u00e1s personas y extras<\/li><li>Camper Park Cogiendo Aire, en el entorno Comillas\u2013Ruiloba, es otra opci\u00f3n con servicios para autocaravana<\/li><li>Con caravana, el Camping de Comillas es la opci\u00f3n m\u00e1s clara<\/li><\/ul>\n      <p><a href=\"https:\/\/campingcomillas.com\/tarifas-2025\/\" target=\"_blank\" rel=\"noopener\">Consultar informaci\u00f3n y condiciones<\/a><\/p>\n    <\/div>\n  <\/div>\n\n  <div class=\"ruta-grid\">\n    <div class=\"ruta-caja\">\n      <h3>&#x1f4a7; Servicios<\/h3>\n      <ul><li>Camping: duchas, servicios y otros equipamientos<\/li><li>Electricidad disponible con suplemento<\/li><li>Cogiendo Aire anuncia agua, grises, negras, electricidad, wifi, duchas y aseos<\/li><li>Verificar siempre tarifas antes de viajar<\/li><\/ul>\n    <\/div>\n\n    <div class=\"ruta-caja ruta-mapa\">\n      <h3>&#x1f5fa; Mapa<\/h3>\n      <iframe title=\"Mapa Comillas: camping y camper park cerca del centro\" src=\"https:\/\/www.google.com\/maps?q=Camping%20de%20Comillas%2C%20Cantabria&#038;output=embed\" loading=\"lazy\" allowfullscreen=\"\" referrerpolicy=\"no-referrer-when-downgrade\"><\/iframe>\n    <\/div>\n  <\/div>\n\n  <div class=\"ruta-consejo\"><strong>&#x1f4a1; Consejo:<\/strong> Comillas se recorre perfectamente a pie. Si llevas caravana, deja instalado el conjunto en camping y olv\u00eddate de moverlo por el casco.<\/div>\n<\/div><\/section>\n\n\n\n<section class=\"rumbante-ruta-wrap\"><div class=\"rumbante-ruta\">\n  <div class=\"ruta-cabecera\">\n    <div class=\"ruta-numero\">5<\/div>\n    <div>\n      <h2>C\u00f3breces y Ruiloba: base entre Comillas y Santillana del Mar<\/h2>\n      <p>Una opci\u00f3n pr\u00e1ctica para incluir en una ruta por Cantabria.<\/p>\n    <\/div>\n  <\/div>\n\n  <div class=\"ruta-datos\">\n    <div class=\"ruta-dato\"><strong>&#x1f690; Tipo<\/strong><br>Camping<\/div>\n    <div class=\"ruta-dato\"><strong>&#x1f4b6; Precio<\/strong><br>Consultar<\/div>\n    <div class=\"ruta-dato\"><strong>&#x23f1; Estancia<\/strong><br>Seg\u00fan reserva<\/div>\n    <div class=\"ruta-dato\"><strong>&#x1f4cd; Ideal para<\/strong><br>Costa occidental<\/div>\n  <\/div>\n\n  <div class=\"ruta-grid\">\n    <div class=\"ruta-caja\">\n      <h3>&#x1f4cd; Qu\u00e9 ver<\/h3>\n      <ul><li>Playa de Lua\u00f1a<\/li><li>Acantilados de El Bolao<\/li><li>Abad\u00eda de Viaceli<\/li><li>Comillas<\/li><li>Santillana del Mar<\/li><\/ul>\n    <\/div>\n\n    <div class=\"ruta-caja\">\n      <h3>&#x1f6cf; D\u00f3nde pernoctar<\/h3>\n      <p><strong>Camping El Helguero<\/strong><\/p>\n      <ul><li>C\/ El Helguero s\/n, 39527 Ruiloba<\/li><li>A unos 4 km de Comillas y unos 15 minutos en coche de Santillana del Mar<\/li><li>Dispone de parcelas Comfort para caravana + coche o autocaravana<\/li><li>Tel.: 942 722 124 \/ 652 826 564<\/li><li>Email: reservas@campingelhelguero.com<\/li><\/ul>\n      <p><a href=\"https:\/\/www.campingelhelguero.com\/\" target=\"_blank\" rel=\"noopener\">Consultar informaci\u00f3n y condiciones<\/a><\/p>\n    <\/div>\n  <\/div>\n\n  <div class=\"ruta-grid\">\n    <div class=\"ruta-caja\">\n      <h3>&#x1f4a7; Servicios<\/h3>\n      <ul><li>Electricidad en parcelas seg\u00fan modalidad<\/li><li>Restaurante y cafeter\u00eda<\/li><li>Lavander\u00eda y wifi<\/li><li>Piscina y zona infantil<\/li><\/ul>\n    <\/div>\n\n    <div class=\"ruta-caja ruta-mapa\">\n      <h3>&#x1f5fa; Mapa<\/h3>\n      <iframe title=\"Mapa C\u00f3breces y Ruiloba: base entre Comillas y Santillana del Mar\" src=\"https:\/\/www.google.com\/maps?q=Camping%20El%20Helguero%2C%20Ruiloba%2C%20Cantabria&#038;output=embed\" loading=\"lazy\" allowfullscreen=\"\" referrerpolicy=\"no-referrer-when-downgrade\"><\/iframe>\n    <\/div>\n  <\/div>\n\n  <div class=\"ruta-consejo\"><strong>&#x1f4a1; Consejo:<\/strong> Es una de las bases m\u00e1s c\u00f3modas si quieres visitar Comillas y Santillana sin cambiar de alojamiento cada noche.<\/div>\n<\/div><\/section>\n\n\n\n<section class=\"rumbante-ruta-wrap\"><div class=\"rumbante-ruta\">\n  <div class=\"ruta-cabecera\">\n    <div class=\"ruta-numero\">6<\/div>\n    <div>\n      <h2>Li\u00e9rganes: \u00e1rea junto a la estaci\u00f3n<\/h2>\n      <p>Una opci\u00f3n pr\u00e1ctica para incluir en una ruta por Cantabria.<\/p>\n    <\/div>\n  <\/div>\n\n  <div class=\"ruta-datos\">\n    <div class=\"ruta-dato\"><strong>&#x1f690; Tipo<\/strong><br>\u00c1rea p\u00fablica<\/div>\n    <div class=\"ruta-dato\"><strong>&#x1f4b6; Precio<\/strong><br>Gratis<\/div>\n    <div class=\"ruta-dato\"><strong>&#x23f1; Estancia<\/strong><br>48 h<\/div>\n    <div class=\"ruta-dato\"><strong>&#x1f4cd; Ideal para<\/strong><br>Pueblo + Valles Pasiegos<\/div>\n  <\/div>\n\n  <div class=\"ruta-grid\">\n    <div class=\"ruta-caja\">\n      <h3>&#x1f4cd; Qu\u00e9 ver<\/h3>\n      <ul><li>Casco hist\u00f3rico de Li\u00e9rganes<\/li><li>Puente Mayor<\/li><li>Fluviarium<\/li><li>P\u00e1manes<\/li><li>Valles Pasiegos<\/li><\/ul>\n    <\/div>\n\n    <div class=\"ruta-caja\">\n      <h3>&#x1f6cf; D\u00f3nde pernoctar<\/h3>\n      <p><strong>\u00c1rea de Li\u00e9rganes \u2013 entorno de la estaci\u00f3n<\/strong><\/p>\n      <ul><li>Calle del Puente Romano, entorno de la estaci\u00f3n<\/li><li>Pernocta gratuita<\/li><li>Referencia publicada: 10 plazas<\/li><li>Estancia m\u00e1xima indicada: 48 horas<\/li><li>En verano puede haber afecciones por mercadillo; conviene verificar antes de llegar<\/li><\/ul>\n      <p><a href=\"https:\/\/lospueblosmasbonitosdeespana.org\/pueblos\/lierganes\/autocaravanas\" target=\"_blank\" rel=\"noopener\">Consultar informaci\u00f3n y condiciones<\/a><\/p>\n    <\/div>\n  <\/div>\n\n  <div class=\"ruta-grid\">\n    <div class=\"ruta-caja\">\n      <h3>&#x1f4a7; Servicios<\/h3>\n      <ul><li>Agua potable<\/li><li>Vaciado de aguas grises<\/li><li>Vaciado de WC qu\u00edmico<\/li><li>Supermercado y hosteler\u00eda pr\u00f3ximos<\/li><li>Tel. Ayuntamiento: 942 528 021<\/li><\/ul>\n    <\/div>\n\n    <div class=\"ruta-caja ruta-mapa\">\n      <h3>&#x1f5fa; Mapa<\/h3>\n      <iframe title=\"Mapa Li\u00e9rganes: \u00e1rea junto a la estaci\u00f3n\" src=\"https:\/\/www.google.com\/maps?q=43.34472%2C-3.74194&#038;output=embed\" loading=\"lazy\" allowfullscreen=\"\" referrerpolicy=\"no-referrer-when-downgrade\"><\/iframe>\n    <\/div>\n  <\/div>\n\n  <div class=\"ruta-consejo\"><strong>&#x1f4a1; Consejo:<\/strong> Cantabria est\u00e1 desarrollando nuevas infraestructuras para autocaravanas en Li\u00e9rganes, as\u00ed que comprueba la situaci\u00f3n concreta del \u00e1rea antes del viaje.<\/div>\n<\/div><\/section>\n\n\n\n<section class=\"rumbante-ruta-wrap\"><div class=\"rumbante-ruta\">\n  <div class=\"ruta-cabecera\">\n    <div class=\"ruta-numero\">7<\/div>\n    <div>\n      <h2>Potes y Li\u00e9bana: dormir a los pies de Picos de Europa<\/h2>\n      <p>Una opci\u00f3n pr\u00e1ctica para incluir en una ruta por Cantabria.<\/p>\n    <\/div>\n  <\/div>\n\n  <div class=\"ruta-datos\">\n    <div class=\"ruta-dato\"><strong>&#x1f690; Tipo<\/strong><br>\u00c1rea privada<\/div>\n    <div class=\"ruta-dato\"><strong>&#x1f4b6; Precio<\/strong><br>15 \u20ac*<\/div>\n    <div class=\"ruta-dato\"><strong>&#x23f1; Estancia<\/strong><br>Seg\u00fan reserva<\/div>\n    <div class=\"ruta-dato\"><strong>&#x1f4cd; Ideal para<\/strong><br>Picos de Europa<\/div>\n  <\/div>\n\n  <div class=\"ruta-grid\">\n    <div class=\"ruta-caja\">\n      <h3>&#x1f4cd; Qu\u00e9 ver<\/h3>\n      <ul><li>Potes<\/li><li>Santo Toribio de Li\u00e9bana<\/li><li>Desfiladero de La Hermida<\/li><li>Fuente D\u00e9<\/li><li>Valle de Li\u00e9bana<\/li><\/ul>\n    <\/div>\n\n    <div class=\"ruta-caja\">\n      <h3>&#x1f6cf; D\u00f3nde pernoctar<\/h3>\n      <p><strong>\u00c1rea de autocaravanas de Potes \/ Vanventure Camper Park<\/strong><\/p>\n      <ul><li>C\/ Santa Olaja 4: \u00e1rea anunciada en el centro de Potes<\/li><li>Precio publicado: 15 \u20ac<\/li><li>30 parcelas de c\u00e9sped de aproximadamente 10 \u00d7 5 m<\/li><li>Tel.: 609 919 515<\/li><li>Otra opci\u00f3n actual: Vanventure Camper Park, Fonfr\u00eda 6, tel. 623 545 426<\/li><\/ul>\n      <p><a href=\"https:\/\/areaautocaravanaspotes.com\/\" target=\"_blank\" rel=\"noopener\">Consultar informaci\u00f3n y condiciones<\/a><\/p>\n    <\/div>\n  <\/div>\n\n  <div class=\"ruta-grid\">\n    <div class=\"ruta-caja\">\n      <h3>&#x1f4a7; Servicios<\/h3>\n      <ul><li>Agua potable<\/li><li>Vaciado de aguas grises<\/li><li>Vaciado de aguas negras<\/li><li>Duchas pr\u00f3ximas en instalaciones deportivas seg\u00fan el \u00e1rea de Santa Olaja<\/li><li>Reservas online disponibles<\/li><\/ul>\n    <\/div>\n\n    <div class=\"ruta-caja ruta-mapa\">\n      <h3>&#x1f5fa; Mapa<\/h3>\n      <iframe title=\"Mapa Potes y Li\u00e9bana: dormir a los pies de Picos de Europa\" src=\"https:\/\/www.google.com\/maps?q=43.155995%2C-4.623525&#038;output=embed\" loading=\"lazy\" allowfullscreen=\"\" referrerpolicy=\"no-referrer-when-downgrade\"><\/iframe>\n    <\/div>\n  <\/div>\n\n  <div class=\"ruta-consejo\"><strong>&#x1f4a1; Consejo:<\/strong> Para recorrer Fuente D\u00e9 y carreteras de monta\u00f1a, deja la caravana instalada en camping o parcela adecuada y mu\u00e9vete solo con el coche.<\/div>\n<\/div><\/section>\n\n\n\n<section class=\"rumbante-ruta-wrap\"><div class=\"rumbante-ruta\">\n  <div class=\"ruta-cabecera\">\n    <div class=\"ruta-numero\">8<\/div>\n    <div>\n      <h2>Castro Urdiales: camping con parcelas para caravana y autocaravana<\/h2>\n      <p>Una opci\u00f3n pr\u00e1ctica para incluir en una ruta por Cantabria.<\/p>\n    <\/div>\n  <\/div>\n\n  <div class=\"ruta-datos\">\n    <div class=\"ruta-dato\"><strong>&#x1f690; Tipo<\/strong><br>Camping<\/div>\n    <div class=\"ruta-dato\"><strong>&#x1f4b6; Precio<\/strong><br>Consultar 2026<\/div>\n    <div class=\"ruta-dato\"><strong>&#x23f1; Estancia<\/strong><br>Seg\u00fan estancia<\/div>\n    <div class=\"ruta-dato\"><strong>&#x1f4cd; Ideal para<\/strong><br>Costa oriental<\/div>\n  <\/div>\n\n  <div class=\"ruta-grid\">\n    <div class=\"ruta-caja\">\n      <h3>&#x1f4cd; Qu\u00e9 ver<\/h3>\n      <ul><li>Castillo de Santa Ana<\/li><li>Iglesia de Santa Mar\u00eda<\/li><li>Puente Medieval<\/li><li>Puerto<\/li><li>Paseo de Ostende<\/li><\/ul>\n    <\/div>\n\n    <div class=\"ruta-caja\">\n      <h3>&#x1f6cf; D\u00f3nde pernoctar<\/h3>\n      <p><strong>Camping de Castro<\/strong><\/p>\n      <ul><li>Barrio Campijo 65, 39700 Castro Urdiales<\/li><li>Dispone de parcelas para caravanas y autocaravanas<\/li><li>Los veh\u00edculos de m\u00e1s de 6,50 m deben consultar disponibilidad<\/li><li>Tel.: +34 676 405 745<\/li><li>Email: info@campingdecastro.com<\/li><\/ul>\n      <p><a href=\"https:\/\/campingdecastro.es\/\" target=\"_blank\" rel=\"noopener\">Consultar informaci\u00f3n y condiciones<\/a><\/p>\n    <\/div>\n  <\/div>\n\n  <div class=\"ruta-grid\">\n    <div class=\"ruta-caja\">\n      <h3>&#x1f4a7; Servicios<\/h3>\n      <ul><li>Parcelas con posibilidad de electricidad<\/li><li>Tomas de agua y servicios comunes<\/li><li>Restaurante y otras instalaciones del camping<\/li><li>El propio camping avisa de que el \u00faltimo tramo de acceso es estrecho<\/li><\/ul>\n    <\/div>\n\n    <div class=\"ruta-caja ruta-mapa\">\n      <h3>&#x1f5fa; Mapa<\/h3>\n      <iframe title=\"Mapa Castro Urdiales: camping con parcelas para caravana y autocaravana\" src=\"https:\/\/www.google.com\/maps?q=Camping%20de%20Castro%2C%20Barrio%20Campijo%2065%2C%20Castro%20Urdiales%2C%20Cantabria&#038;output=embed\" loading=\"lazy\" allowfullscreen=\"\" referrerpolicy=\"no-referrer-when-downgrade\"><\/iframe>\n    <\/div>\n  <\/div>\n\n  <div class=\"ruta-consejo\"><strong>&#x1f4a1; Consejo:<\/strong> Con caravana o veh\u00edculo grande llama antes: el camping recomienda consultar por el acceso y la disponibilidad.<\/div>\n<\/div><\/section>\n\n<h2 class=\"wp-block-heading\">\u00bfQu\u00e9 zona elegir?<\/h2>\n<ul class=\"wp-block-list\">\n<li><strong>Para Santander:<\/strong> Las Llamas.<\/li>\n<li><strong>Para playa y Santander sin entrar en la ciudad:<\/strong> Somo\u2013Suesa.<\/li>\n<li><strong>Para Cab\u00e1rceno:<\/strong> Lago del Acebo, si solo necesitas pernocta.<\/li>\n<li><strong>Para viajar con caravana:<\/strong> Camping de Comillas, El Helguero o Camping de Castro son opciones especialmente claras.<\/li>\n<li><strong>Para Picos de Europa:<\/strong> Potes.<\/li>\n<li><strong>Para una parada de interior:<\/strong> Li\u00e9rganes.<\/li>\n<\/ul>\n\n<h2 class=\"wp-block-heading\">Normativa y sentido com\u00fan<\/h2>\n<p class=\"wp-block-paragraph\">Estacionar no equivale a acampar. Evita desplegar toldos, mesas, sillas, patas estabilizadoras u otros elementos cuando no est\u00e9s en un espacio que permita acampada. Respeta siempre la se\u00f1alizaci\u00f3n local y utiliza exclusivamente puntos habilitados para llenar agua y vaciar dep\u00f3sitos.<\/p>\n\n<h2 class=\"wp-block-heading\">Sigue preparando tu ruta por el norte<\/h2>\n<p class=\"wp-block-paragraph\">Si est\u00e1s organizando un viaje m\u00e1s largo, consulta tambi\u00e9n nuestra gu\u00eda <a href=\"https:\/\/rumbante.com\/en\/rutas-norte-espana-camper-autocaravana-caravana\/\">10 rutas por el norte de Espa\u00f1a en camper, autocaravana o caravana<\/a>, con itinerarios por Euskadi, Cantabria, Asturias, Galicia y Navarra.<\/p>","protected":false},"excerpt":{"rendered":"<p>Ocho lugares pr\u00e1cticos para pernoctar en Cantabria con camper, autocaravana o caravana, con \u00e1reas, campings, mapas, agua, vaciado y consejos para Santander, Somo, Cab\u00e1rceno, Comillas, Li\u00e9rganes, Potes y Castro Urdiales.<\/p>","protected":false},"author":1,"featured_media":375,"comment_status":"open","ping_status":"open","sticky":false,"template":"","format":"standard","meta":{"footnotes":""},"categories":[34,33],"tags":[],"class_list":["post-391","post","type-post","status-publish","format-standard","has-post-thumbnail","hentry","category-espana","category-viajes"],"_links":{"self":[{"href":"https:\/\/rumbante.com\/en\/wp-json\/wp\/v2\/posts\/391","targetHints":{"allow":["GET"]}}],"collection":[{"href":"https:\/\/rumbante.com\/en\/wp-json\/wp\/v2\/posts"}],"about":[{"href":"https:\/\/rumbante.com\/en\/wp-json\/wp\/v2\/types\/post"}],"author":[{"embeddable":true,"href":"https:\/\/rumbante.com\/en\/wp-json\/wp\/v2\/users\/1"}],"replies":[{"embeddable":true,"href":"https:\/\/rumbante.com\/en\/wp-json\/wp\/v2\/comments?post=391"}],"version-history":[{"count":2,"href":"https:\/\/rumbante.com\/en\/wp-json\/wp\/v2\/posts\/391\/revisions"}],"predecessor-version":[{"id":393,"href":"https:\/\/rumbante.com\/en\/wp-json\/wp\/v2\/posts\/391\/revisions\/393"}],"wp:featuredmedia":[{"embeddable":true,"href":"https:\/\/rumbante.com\/en\/wp-json\/wp\/v2\/media\/375"}],"wp:attachment":[{"href":"https:\/\/rumbante.com\/en\/wp-json\/wp\/v2\/media?parent=391"}],"wp:term":[{"taxonomy":"category","embeddable":true,"href":"https:\/\/rumbante.com\/en\/wp-json\/wp\/v2\/categories?post=391"},{"taxonomy":"post_tag","embeddable":true,"href":"https:\/\/rumbante.com\/en\/wp-json\/wp\/v2\/tags?post=391"}],"curies":[{"name":"wp","href":"https:\/\/api.w.org\/{rel}","templated":true}]}}